{"id":406,"date":"2025-11-10T21:05:19","date_gmt":"2025-11-11T02:05:19","guid":{"rendered":"https:\/\/redbioamazonia.sinapsisdev.com\/?post_type=noticia_evento&#038;p=406"},"modified":"2026-05-12T16:46:16","modified_gmt":"2026-05-12T21:46:16","slug":"red-bioamazonia-en-la-cop30","status":"publish","type":"noticia_evento","link":"https:\/\/redbioamazonia.sinapsisdev.com\/en\/noticia\/red-bioamazonia-en-la-cop30\/","title":{"rendered":"|COP 30| The BioAmazonia Network closes the COP30 participation week with publication and panel"},"content":{"rendered":"<p><img loading=\"lazy\" decoding=\"async\" class=\"size-medium wp-image-566 aligncenter\" src=\"https:\/\/redbioamazonia.sinapsisdev.com\/wp-content\/uploads\/2025\/11\/IMG-Cop30-300x200.png\" alt=\"\" width=\"300\" height=\"200\" \/><\/p>\n<p><span style=\"font-weight: 400;\">Bel\u00e9m do Par\u00e1, Brazil, November 15, 2025<\/span><span style=\"font-weight: 400;\"><br \/>\n<\/span><span style=\"font-weight: 400;\">The Bioamazon\u00eda Network concluded its first week at COP30 with the panel \u00abPaths towards Pan-Amazonian Science\u00bb and the launch of its first collaborative publication, a significant moment that celebrated the strength of regional scientific cooperation. The event was attended by Colombia's Vice Minister of Environment, Tatiana Roa.<\/span><\/p>\n<p><span style=\"font-weight: 400;\">The publication \u00abPaths Towards Pan-Amazonian Science,\u00bb edited by INPA, with the support of the Always Amazon Program, coordinated by the Inter-American Development Bank, and illustrated by Amazonian artist HADNA ABREU, consolidates conceptual notes developed by researchers and specialists from the Network around four fundamental axes: Bioeconomy; Knowledge Systems and Local Governance; Biodiversity Knowledge and Management; and Conflicts and Threats. The document expresses a shared vision, built from a truly Pan-Amazonian perspective, integrating experiences, data, and years of research developed by the institutes in the different territories of the region.<\/span><\/p>\n<p><span style=\"font-weight: 400;\">During the panel, the directors highlighted that the Bioamazon\u00eda Network has consolidated itself as a meeting point for Amazonian science, bringing together South American institutions that share knowledge from the continent itself. Beyond producing science in the form of publications, the Network positions itself as a space for learning, interaction, and mobilization for transformation, articulating governments, communities, and institutional actors.<\/span><\/p>\n<p><span style=\"font-weight: 400;\">The capillarity and collective strength of the Network were also highlighted, capable of integrating data, knowledge, and experiences accumulated over decades of research, expanding the reach of each institute and strengthening local processes.<\/span><\/p>\n<p><span style=\"font-weight: 400;\">It was an inspiring and significant closing for the Network, marking another step in its work of building collaborative solutions for the Amazon.<\/span><\/p>\n<p><span style=\"font-weight: 400;\">The full publication is available on the Bioamazonia Network website: <a href=\"https:\/\/redbioamazonia.sinapsisdev.com\/wp-content\/uploads\/2026\/05\/Livreto_Amazonia_a_olhos_vistos_RedBioamazonia_COP30.pdf\">Link<\/a><\/span><\/p>\n<p>&nbsp;<\/p>\n<p><a href=\"https:\/\/www.linkedin.com\/search\/results\/all\/?keywords=%23redbioamazonia&amp;origin=HASH_TAG_FROM_FEED\"><span style=\"font-weight: 400;\">#RedBioamazonia<\/span><\/a>\u00a0<a href=\"https:\/\/www.linkedin.com\/search\/results\/all\/?keywords=%23cienciapanamazonica&amp;origin=HASH_TAG_FROM_FEED\"><span style=\"font-weight: 400;\">#CienciaPanamazonica \u00a0<\/span><\/a><a href=\"https:\/\/www.linkedin.com\/search\/results\/all\/?keywords=%23cop30&amp;origin=HASH_TAG_FROM_FEED\"><span style=\"font-weight: 400;\">#COP30<\/span><\/a><\/p>","protected":false},"excerpt":{"rendered":"<p>| Bel\u00e9m do Par\u00e1, Brasil, 15 de noviembre de 2025 | La Red Bioamazonia concluy\u00f3 su primera semana en la COP30 con el panel \u00abCaminos hacia la ciencia panamaz\u00f3nica\u00bb y el lanzamiento de su primera publicaci\u00f3n colaborativa, un momento significativo que celebr\u00f3 la fuerza de la cooperaci\u00f3n cient\u00edfica regional. El evento cont\u00f3 con la presencia [&hellip;]<\/p>\n","protected":false},"author":1,"featured_media":548,"template":"","tags":[],"categoria_noticia":[28],"class_list":["post-406","noticia_evento","type-noticia_evento","status-publish","has-post-thumbnail","hentry","categoria_noticia-eventos"],"acf":[],"yoast_head":"<!-- This site is optimized with the Yoast SEO Premium plugin v22.6 (Yoast SEO v28.1) - https:\/\/yoast.com\/product\/yoast-seo-premium-wordpress\/ -->\n<title>|COP 30| La Red BioAmazonia cierra la semana de participaci\u00f3n en la COP30 con publicaci\u00f3n y panel - redbioamazonia<\/title>\n<meta name=\"robots\" content=\"noindex, follow, max-snippet:-1, max-image-preview:large, max-video-preview:-1\" \/>\n<meta property=\"og:locale\" content=\"en_US\" \/>\n<meta property=\"og:type\" content=\"article\" \/>\n<meta property=\"og:title\" content=\"|COP 30| La Red BioAmazonia cierra la semana de participaci\u00f3n en la COP30 con publicaci\u00f3n y panel\" \/>\n<meta property=\"og:description\" content=\"| Bel\u00e9m do Par\u00e1, Brasil, 15 de noviembre de 2025 | La Red Bioamazonia concluy\u00f3 su primera semana en la COP30 con el panel \u00abCaminos hacia la ciencia panamaz\u00f3nica\u00bb y el lanzamiento de su primera publicaci\u00f3n colaborativa, un momento significativo que celebr\u00f3 la fuerza de la cooperaci\u00f3n cient\u00edfica regional. El evento cont\u00f3 con la presencia [&hellip;]\" \/>\n<meta property=\"og:url\" content=\"https:\/\/redbioamazonia.sinapsisdev.com\/en\/noticia\/red-bioamazonia-en-la-cop30\/\" \/>\n<meta property=\"og:site_name\" content=\"redbioamazonia\" \/>\n<meta property=\"article:modified_time\" content=\"2026-05-12T21:46:16+00:00\" \/>\n<meta property=\"og:image\" content=\"https:\/\/redbioamazonia.sinapsisdev.com\/wp-content\/uploads\/2025\/11\/No-hay-descripcion-alternativa-para-esta-imagen.jpeg\" \/>\n\t<meta property=\"og:image:width\" content=\"2048\" \/>\n\t<meta property=\"og:image:height\" content=\"1365\" \/>\n\t<meta property=\"og:image:type\" content=\"image\/jpeg\" \/>\n<meta name=\"twitter:card\" content=\"summary_large_image\" \/>\n<meta name=\"twitter:label1\" content=\"Est. reading time\" \/>\n\t<meta name=\"twitter:data1\" content=\"2 minutes\" \/>\n<script type=\"application\/ld+json\" class=\"yoast-schema-graph\">{\"@context\":\"https:\\\/\\\/schema.org\",\"@graph\":[{\"@type\":\"WebPage\",\"@id\":\"https:\\\/\\\/redbioamazonia.sinapsisdev.com\\\/noticia\\\/red-bioamazonia-en-la-cop30\\\/\",\"url\":\"https:\\\/\\\/redbioamazonia.sinapsisdev.com\\\/noticia\\\/red-bioamazonia-en-la-cop30\\\/\",\"name\":\"|COP 30| La Red BioAmazonia cierra la semana de participaci\u00f3n en la COP30 con publicaci\u00f3n y panel - redbioamazonia\",\"isPartOf\":{\"@id\":\"https:\\\/\\\/redbioamazonia.sinapsisdev.com\\\/#website\"},\"primaryImageOfPage\":{\"@id\":\"https:\\\/\\\/redbioamazonia.sinapsisdev.com\\\/noticia\\\/red-bioamazonia-en-la-cop30\\\/#primaryimage\"},\"image\":{\"@id\":\"https:\\\/\\\/redbioamazonia.sinapsisdev.com\\\/noticia\\\/red-bioamazonia-en-la-cop30\\\/#primaryimage\"},\"thumbnailUrl\":\"https:\\\/\\\/redbioamazonia.sinapsisdev.com\\\/wp-content\\\/uploads\\\/2025\\\/11\\\/No-hay-descripcion-alternativa-para-esta-imagen.jpeg\",\"datePublished\":\"2025-11-11T02:05:19+00:00\",\"dateModified\":\"2026-05-12T21:46:16+00:00\",\"breadcrumb\":{\"@id\":\"https:\\\/\\\/redbioamazonia.sinapsisdev.com\\\/noticia\\\/red-bioamazonia-en-la-cop30\\\/#breadcrumb\"},\"inLanguage\":\"en-US\",\"potentialAction\":[{\"@type\":\"ReadAction\",\"target\":[\"https:\\\/\\\/redbioamazonia.sinapsisdev.com\\\/noticia\\\/red-bioamazonia-en-la-cop30\\\/\"]}]},{\"@type\":\"ImageObject\",\"inLanguage\":\"en-US\",\"@id\":\"https:\\\/\\\/redbioamazonia.sinapsisdev.com\\\/noticia\\\/red-bioamazonia-en-la-cop30\\\/#primaryimage\",\"url\":\"https:\\\/\\\/redbioamazonia.sinapsisdev.com\\\/wp-content\\\/uploads\\\/2025\\\/11\\\/No-hay-descripcion-alternativa-para-esta-imagen.jpeg\",\"contentUrl\":\"https:\\\/\\\/redbioamazonia.sinapsisdev.com\\\/wp-content\\\/uploads\\\/2025\\\/11\\\/No-hay-descripcion-alternativa-para-esta-imagen.jpeg\",\"width\":2048,\"height\":1365},{\"@type\":\"BreadcrumbList\",\"@id\":\"https:\\\/\\\/redbioamazonia.sinapsisdev.com\\\/noticia\\\/red-bioamazonia-en-la-cop30\\\/#breadcrumb\",\"itemListElement\":[{\"@type\":\"ListItem\",\"position\":1,\"name\":\"Inicio\",\"item\":\"\\\/\"},{\"@type\":\"ListItem\",\"position\":2,\"name\":\"|COP 30| La Red BioAmazonia cierra la semana de participaci\u00f3n en la COP30 con publicaci\u00f3n y panel\"}]},{\"@type\":\"WebSite\",\"@id\":\"https:\\\/\\\/redbioamazonia.sinapsisdev.com\\\/#website\",\"url\":\"https:\\\/\\\/redbioamazonia.sinapsisdev.com\\\/\",\"name\":\"redbioamazonia\",\"description\":\"\",\"potentialAction\":[{\"@type\":\"SearchAction\",\"target\":{\"@type\":\"EntryPoint\",\"urlTemplate\":\"https:\\\/\\\/redbioamazonia.sinapsisdev.com\\\/?s={search_term_string}\"},\"query-input\":{\"@type\":\"PropertyValueSpecification\",\"valueRequired\":true,\"valueName\":\"search_term_string\"}}],\"inLanguage\":\"en-US\"}]}<\/script>\n<!-- \/ Yoast SEO Premium plugin. -->","yoast_head_json":{"title":"|COP 30| La Red BioAmazonia cierra la semana de participaci\u00f3n en la COP30 con publicaci\u00f3n y panel - redbioamazonia","robots":{"index":"noindex","follow":"follow","max-snippet":"max-snippet:-1","max-image-preview":"max-image-preview:large","max-video-preview":"max-video-preview:-1"},"og_locale":"en_US","og_type":"article","og_title":"|COP 30| La Red BioAmazonia cierra la semana de participaci\u00f3n en la COP30 con publicaci\u00f3n y panel","og_description":"| Bel\u00e9m do Par\u00e1, Brasil, 15 de noviembre de 2025 | La Red Bioamazonia concluy\u00f3 su primera semana en la COP30 con el panel \u00abCaminos hacia la ciencia panamaz\u00f3nica\u00bb y el lanzamiento de su primera publicaci\u00f3n colaborativa, un momento significativo que celebr\u00f3 la fuerza de la cooperaci\u00f3n cient\u00edfica regional. El evento cont\u00f3 con la presencia [&hellip;]","og_url":"https:\/\/redbioamazonia.sinapsisdev.com\/en\/noticia\/red-bioamazonia-en-la-cop30\/","og_site_name":"redbioamazonia","article_modified_time":"2026-05-12T21:46:16+00:00","og_image":[{"width":2048,"height":1365,"url":"https:\/\/redbioamazonia.sinapsisdev.com\/wp-content\/uploads\/2025\/11\/No-hay-descripcion-alternativa-para-esta-imagen.jpeg","type":"image\/jpeg"}],"twitter_card":"summary_large_image","twitter_misc":{"Est. reading time":"2 minutes"},"schema":{"@context":"https:\/\/schema.org","@graph":[{"@type":"WebPage","@id":"https:\/\/redbioamazonia.sinapsisdev.com\/noticia\/red-bioamazonia-en-la-cop30\/","url":"https:\/\/redbioamazonia.sinapsisdev.com\/noticia\/red-bioamazonia-en-la-cop30\/","name":"|COP 30| La Red BioAmazonia cierra la semana de participaci\u00f3n en la COP30 con publicaci\u00f3n y panel - redbioamazonia","isPartOf":{"@id":"https:\/\/redbioamazonia.sinapsisdev.com\/#website"},"primaryImageOfPage":{"@id":"https:\/\/redbioamazonia.sinapsisdev.com\/noticia\/red-bioamazonia-en-la-cop30\/#primaryimage"},"image":{"@id":"https:\/\/redbioamazonia.sinapsisdev.com\/noticia\/red-bioamazonia-en-la-cop30\/#primaryimage"},"thumbnailUrl":"https:\/\/redbioamazonia.sinapsisdev.com\/wp-content\/uploads\/2025\/11\/No-hay-descripcion-alternativa-para-esta-imagen.jpeg","datePublished":"2025-11-11T02:05:19+00:00","dateModified":"2026-05-12T21:46:16+00:00","breadcrumb":{"@id":"https:\/\/redbioamazonia.sinapsisdev.com\/noticia\/red-bioamazonia-en-la-cop30\/#breadcrumb"},"inLanguage":"en-US","potentialAction":[{"@type":"ReadAction","target":["https:\/\/redbioamazonia.sinapsisdev.com\/noticia\/red-bioamazonia-en-la-cop30\/"]}]},{"@type":"ImageObject","inLanguage":"en-US","@id":"https:\/\/redbioamazonia.sinapsisdev.com\/noticia\/red-bioamazonia-en-la-cop30\/#primaryimage","url":"https:\/\/redbioamazonia.sinapsisdev.com\/wp-content\/uploads\/2025\/11\/No-hay-descripcion-alternativa-para-esta-imagen.jpeg","contentUrl":"https:\/\/redbioamazonia.sinapsisdev.com\/wp-content\/uploads\/2025\/11\/No-hay-descripcion-alternativa-para-esta-imagen.jpeg","width":2048,"height":1365},{"@type":"BreadcrumbList","@id":"https:\/\/redbioamazonia.sinapsisdev.com\/noticia\/red-bioamazonia-en-la-cop30\/#breadcrumb","itemListElement":[{"@type":"ListItem","position":1,"name":"Inicio","item":"\/"},{"@type":"ListItem","position":2,"name":"|COP 30| La Red BioAmazonia cierra la semana de participaci\u00f3n en la COP30 con publicaci\u00f3n y panel"}]},{"@type":"WebSite","@id":"https:\/\/redbioamazonia.sinapsisdev.com\/#website","url":"https:\/\/redbioamazonia.sinapsisdev.com\/","name":"Redbioamazon\u00eda","description":"","potentialAction":[{"@type":"SearchAction","target":{"@type":"EntryPoint","urlTemplate":"https:\/\/redbioamazonia.sinapsisdev.com\/?s={search_term_string}"},"query-input":{"@type":"PropertyValueSpecification","valueRequired":true,"valueName":"search_term_string"}}],"inLanguage":"en-US"}]}},"_links":{"self":[{"href":"https:\/\/redbioamazonia.sinapsisdev.com\/en\/wp-json\/wp\/v2\/noticia_evento\/406","targetHints":{"allow":["GET"]}}],"collection":[{"href":"https:\/\/redbioamazonia.sinapsisdev.com\/en\/wp-json\/wp\/v2\/noticia_evento"}],"about":[{"href":"https:\/\/redbioamazonia.sinapsisdev.com\/en\/wp-json\/wp\/v2\/types\/noticia_evento"}],"author":[{"embeddable":true,"href":"https:\/\/redbioamazonia.sinapsisdev.com\/en\/wp-json\/wp\/v2\/users\/1"}],"wp:featuredmedia":[{"embeddable":true,"href":"https:\/\/redbioamazonia.sinapsisdev.com\/en\/wp-json\/wp\/v2\/media\/548"}],"wp:attachment":[{"href":"https:\/\/redbioamazonia.sinapsisdev.com\/en\/wp-json\/wp\/v2\/media?parent=406"}],"wp:term":[{"taxonomy":"post_tag","embeddable":true,"href":"https:\/\/redbioamazonia.sinapsisdev.com\/en\/wp-json\/wp\/v2\/tags?post=406"},{"taxonomy":"categoria_noticia","embeddable":true,"href":"https:\/\/redbioamazonia.sinapsisdev.com\/en\/wp-json\/wp\/v2\/categoria_noticia?post=406"}],"curies":[{"name":"wp","href":"https:\/\/api.w.org\/{rel}","templated":true}]}}