{"id":406,"date":"2025-11-10T21:05:19","date_gmt":"2025-11-11T02:05:19","guid":{"rendered":"https:\/\/redbioamazonia.sinapsisdev.com\/?post_type=noticia_evento&#038;p=406"},"modified":"2026-05-12T16:46:16","modified_gmt":"2026-05-12T21:46:16","slug":"red-bioamazonia-en-la-cop30","status":"publish","type":"noticia_evento","link":"https:\/\/redbioamazonia.sinapsisdev.com\/pt\/noticia\/red-bioamazonia-en-la-cop30\/","title":{"rendered":"|COP 30| Rede BioAmazonia encerra semana de participa\u00e7\u00e3o na COP30 com publica\u00e7\u00e3o e painel"},"content":{"rendered":"<p><img loading=\"lazy\" decoding=\"async\" class=\"size-medium wp-image-566 aligncenter\" src=\"https:\/\/redbioamazonia.sinapsisdev.com\/wp-content\/uploads\/2025\/11\/IMG-Cop30-300x200.png\" alt=\"\" width=\"300\" height=\"200\" \/><\/p>\n<p><span style=\"font-weight: 400;\">Bel\u00e9m do Par\u00e1, Brasil, 15 de novembro de 2025<\/span><span style=\"font-weight: 400;\"><br \/>\n<\/span><span style=\"font-weight: 400;\">A Rede Bioamaz\u00f4nia concluiu sua primeira semana na COP30 com o painel \u00abCaminhos para a ci\u00eancia pan-amaz\u00f4nica\u00bb e o lan\u00e7amento de sua primeira publica\u00e7\u00e3o colaborativa, um momento significativo que celebrou a for\u00e7a da coopera\u00e7\u00e3o cient\u00edfica regional. O evento contou com a presen\u00e7a da vice-ministra do Meio Ambiente da Col\u00f4mbia, Tatiana Roa.<\/span><\/p>\n<p><span style=\"font-weight: 400;\">A publica\u00e7\u00e3o \u00abCaminos hacia la ciencia panamaz\u00f3nica\u00bb, editada pelo INPA, com o apoio do Programa Amaz\u00f4nia Sempre, coordenado pelo Banco Interamericano de Desenvolvimento, e ilustrada pela artista amaz\u00f4nica HADNA ABREU, consolida notas conceituais elaboradas por pesquisadores e especialistas da Rede em quatro eixos fundamentais: Bioeconomia; Sistemas de conhecimento e governan\u00e7a local; Conhecimento e gest\u00e3o da biodiversidade; e Conflitos e amea\u00e7as. O documento expressa uma vis\u00e3o compartilhada, constru\u00edda a partir de uma perspectiva verdadeiramente panamaz\u00f4nica, que integra experi\u00eancias, dados e anos de pesquisa desenvolvidos pelos institutos nos diferentes territ\u00f3rios da regi\u00e3o.<\/span><\/p>\n<p><span style=\"font-weight: 400;\">Durante o painel, os diretores destacaram que a Rede Bioamaz\u00f4nia se consolidou como um ponto de encontro para a ci\u00eancia amaz\u00f4nica, reunindo institui\u00e7\u00f5es sul-americanas que compartilham conhecimentos a partir do pr\u00f3prio continente. Para al\u00e9m de produzir ci\u00eancia em forma de publica\u00e7\u00f5es, a Rede se posiciona como um espa\u00e7o de aprendizado, intera\u00e7\u00e3o e mobiliza\u00e7\u00e3o para a transforma\u00e7\u00e3o, articulando governos, comunidades e atores institucionais.<\/span><\/p>\n<p><span style=\"font-weight: 400;\">Tamb\u00e9m se destacaram a capilaridade e a for\u00e7a coletiva da Rede, capaz de integrar dados, conhecimentos e experi\u00eancias acumuladas ao longo de d\u00e9cadas de pesquisa, ampliando o alcance de cada instituto e fortalecendo os processos locais.<\/span><\/p>\n<p><span style=\"font-weight: 400;\">Foi um encerramento inspirador e significativo para a Rede, marcando mais um passo em seu trabalho de constru\u00e7\u00e3o de solu\u00e7\u00f5es colaborativas para a Amaz\u00f4nia.<\/span><\/p>\n<p><span style=\"font-weight: 400;\">A publica\u00e7\u00e3o completa est\u00e1 dispon\u00edvel no site da Rede Bioamaz\u00f4nia: <a href=\"https:\/\/redbioamazonia.sinapsisdev.com\/wp-content\/uploads\/2026\/05\/Livreto_Amazonia_a_olhos_vistos_RedBioamazonia_COP30.pdf\">V\u00ednculo<\/a><\/span><\/p>\n<p>&nbsp;<\/p>\n<p><a href=\"https:\/\/www.linkedin.com\/search\/results\/all\/?keywords=%23redbioamazonia&amp;origin=HASH_TAG_FROM_FEED\"><span style=\"font-weight: 400;\">#RedBioamazonia<\/span><\/a>\u00a0<a href=\"https:\/\/www.linkedin.com\/search\/results\/all\/?keywords=%23cienciapanamazonica&amp;origin=HASH_TAG_FROM_FEED\"><span style=\"font-weight: 400;\">#CienciaPanamazonica \u00a0<\/span><\/a><a href=\"https:\/\/www.linkedin.com\/search\/results\/all\/?keywords=%23cop30&amp;origin=HASH_TAG_FROM_FEED\"><span style=\"font-weight: 400;\">#COP30<\/span><\/a><\/p>","protected":false},"excerpt":{"rendered":"<p>| Bel\u00e9m do Par\u00e1, Brasil, 15 de noviembre de 2025 | La Red Bioamazonia concluy\u00f3 su primera semana en la COP30 con el panel \u00abCaminos hacia la ciencia panamaz\u00f3nica\u00bb y el lanzamiento de su primera publicaci\u00f3n colaborativa, un momento significativo que celebr\u00f3 la fuerza de la cooperaci\u00f3n cient\u00edfica regional. El evento cont\u00f3 con la presencia [&hellip;]<\/p>\n","protected":false},"author":1,"featured_media":548,"template":"","tags":[],"categoria_noticia":[28],"class_list":["post-406","noticia_evento","type-noticia_evento","status-publish","has-post-thumbnail","hentry","categoria_noticia-eventos"],"acf":[],"yoast_head":"<!-- This site is optimized with the Yoast SEO Premium plugin v22.6 (Yoast SEO v28.1) - https:\/\/yoast.com\/product\/yoast-seo-premium-wordpress\/ -->\n<title>|COP 30| La Red BioAmazonia cierra la semana de participaci\u00f3n en la COP30 con publicaci\u00f3n y panel - redbioamazonia<\/title>\n<meta name=\"robots\" content=\"noindex, follow, max-snippet:-1, max-image-preview:large, max-video-preview:-1\" \/>\n<meta property=\"og:locale\" content=\"pt_BR\" \/>\n<meta property=\"og:type\" content=\"article\" \/>\n<meta property=\"og:title\" content=\"|COP 30| La Red BioAmazonia cierra la semana de participaci\u00f3n en la COP30 con publicaci\u00f3n y panel\" \/>\n<meta property=\"og:description\" content=\"| Bel\u00e9m do Par\u00e1, Brasil, 15 de noviembre de 2025 | La Red Bioamazonia concluy\u00f3 su primera semana en la COP30 con el panel \u00abCaminos hacia la ciencia panamaz\u00f3nica\u00bb y el lanzamiento de su primera publicaci\u00f3n colaborativa, un momento significativo que celebr\u00f3 la fuerza de la cooperaci\u00f3n cient\u00edfica regional. El evento cont\u00f3 con la presencia [&hellip;]\" \/>\n<meta property=\"og:url\" content=\"https:\/\/redbioamazonia.sinapsisdev.com\/pt\/noticia\/red-bioamazonia-en-la-cop30\/\" \/>\n<meta property=\"og:site_name\" content=\"redbioamazonia\" \/>\n<meta property=\"article:modified_time\" content=\"2026-05-12T21:46:16+00:00\" \/>\n<meta property=\"og:image\" content=\"https:\/\/redbioamazonia.sinapsisdev.com\/wp-content\/uploads\/2025\/11\/No-hay-descripcion-alternativa-para-esta-imagen.jpeg\" \/>\n\t<meta property=\"og:image:width\" content=\"2048\" \/>\n\t<meta property=\"og:image:height\" content=\"1365\" \/>\n\t<meta property=\"og:image:type\" content=\"image\/jpeg\" \/>\n<meta name=\"twitter:card\" content=\"summary_large_image\" \/>\n<meta name=\"twitter:label1\" content=\"Est. tempo de leitura\" \/>\n\t<meta name=\"twitter:data1\" content=\"2 minutos\" \/>\n<script type=\"application\/ld+json\" class=\"yoast-schema-graph\">{\"@context\":\"https:\\\/\\\/schema.org\",\"@graph\":[{\"@type\":\"WebPage\",\"@id\":\"https:\\\/\\\/redbioamazonia.sinapsisdev.com\\\/noticia\\\/red-bioamazonia-en-la-cop30\\\/\",\"url\":\"https:\\\/\\\/redbioamazonia.sinapsisdev.com\\\/noticia\\\/red-bioamazonia-en-la-cop30\\\/\",\"name\":\"|COP 30| La Red BioAmazonia cierra la semana de participaci\u00f3n en la COP30 con publicaci\u00f3n y panel - redbioamazonia\",\"isPartOf\":{\"@id\":\"https:\\\/\\\/redbioamazonia.sinapsisdev.com\\\/#website\"},\"primaryImageOfPage\":{\"@id\":\"https:\\\/\\\/redbioamazonia.sinapsisdev.com\\\/noticia\\\/red-bioamazonia-en-la-cop30\\\/#primaryimage\"},\"image\":{\"@id\":\"https:\\\/\\\/redbioamazonia.sinapsisdev.com\\\/noticia\\\/red-bioamazonia-en-la-cop30\\\/#primaryimage\"},\"thumbnailUrl\":\"https:\\\/\\\/redbioamazonia.sinapsisdev.com\\\/wp-content\\\/uploads\\\/2025\\\/11\\\/No-hay-descripcion-alternativa-para-esta-imagen.jpeg\",\"datePublished\":\"2025-11-11T02:05:19+00:00\",\"dateModified\":\"2026-05-12T21:46:16+00:00\",\"breadcrumb\":{\"@id\":\"https:\\\/\\\/redbioamazonia.sinapsisdev.com\\\/noticia\\\/red-bioamazonia-en-la-cop30\\\/#breadcrumb\"},\"inLanguage\":\"pt-BR\",\"potentialAction\":[{\"@type\":\"ReadAction\",\"target\":[\"https:\\\/\\\/redbioamazonia.sinapsisdev.com\\\/noticia\\\/red-bioamazonia-en-la-cop30\\\/\"]}]},{\"@type\":\"ImageObject\",\"inLanguage\":\"pt-BR\",\"@id\":\"https:\\\/\\\/redbioamazonia.sinapsisdev.com\\\/noticia\\\/red-bioamazonia-en-la-cop30\\\/#primaryimage\",\"url\":\"https:\\\/\\\/redbioamazonia.sinapsisdev.com\\\/wp-content\\\/uploads\\\/2025\\\/11\\\/No-hay-descripcion-alternativa-para-esta-imagen.jpeg\",\"contentUrl\":\"https:\\\/\\\/redbioamazonia.sinapsisdev.com\\\/wp-content\\\/uploads\\\/2025\\\/11\\\/No-hay-descripcion-alternativa-para-esta-imagen.jpeg\",\"width\":2048,\"height\":1365},{\"@type\":\"BreadcrumbList\",\"@id\":\"https:\\\/\\\/redbioamazonia.sinapsisdev.com\\\/noticia\\\/red-bioamazonia-en-la-cop30\\\/#breadcrumb\",\"itemListElement\":[{\"@type\":\"ListItem\",\"position\":1,\"name\":\"Inicio\",\"item\":\"\\\/\"},{\"@type\":\"ListItem\",\"position\":2,\"name\":\"|COP 30| La Red BioAmazonia cierra la semana de participaci\u00f3n en la COP30 con publicaci\u00f3n y panel\"}]},{\"@type\":\"WebSite\",\"@id\":\"https:\\\/\\\/redbioamazonia.sinapsisdev.com\\\/#website\",\"url\":\"https:\\\/\\\/redbioamazonia.sinapsisdev.com\\\/\",\"name\":\"redbioamazonia\",\"description\":\"\",\"potentialAction\":[{\"@type\":\"SearchAction\",\"target\":{\"@type\":\"EntryPoint\",\"urlTemplate\":\"https:\\\/\\\/redbioamazonia.sinapsisdev.com\\\/?s={search_term_string}\"},\"query-input\":{\"@type\":\"PropertyValueSpecification\",\"valueRequired\":true,\"valueName\":\"search_term_string\"}}],\"inLanguage\":\"pt-BR\"}]}<\/script>\n<!-- \/ Yoast SEO Premium plugin. -->","yoast_head_json":{"title":"|COP 30| La Red BioAmazonia cierra la semana de participaci\u00f3n en la COP30 con publicaci\u00f3n y panel - redbioamazonia","robots":{"index":"noindex","follow":"follow","max-snippet":"max-snippet:-1","max-image-preview":"max-image-preview:large","max-video-preview":"max-video-preview:-1"},"og_locale":"pt_BR","og_type":"article","og_title":"|COP 30| La Red BioAmazonia cierra la semana de participaci\u00f3n en la COP30 con publicaci\u00f3n y panel","og_description":"| Bel\u00e9m do Par\u00e1, Brasil, 15 de noviembre de 2025 | La Red Bioamazonia concluy\u00f3 su primera semana en la COP30 con el panel \u00abCaminos hacia la ciencia panamaz\u00f3nica\u00bb y el lanzamiento de su primera publicaci\u00f3n colaborativa, un momento significativo que celebr\u00f3 la fuerza de la cooperaci\u00f3n cient\u00edfica regional. El evento cont\u00f3 con la presencia [&hellip;]","og_url":"https:\/\/redbioamazonia.sinapsisdev.com\/pt\/noticia\/red-bioamazonia-en-la-cop30\/","og_site_name":"redbioamazonia","article_modified_time":"2026-05-12T21:46:16+00:00","og_image":[{"width":2048,"height":1365,"url":"https:\/\/redbioamazonia.sinapsisdev.com\/wp-content\/uploads\/2025\/11\/No-hay-descripcion-alternativa-para-esta-imagen.jpeg","type":"image\/jpeg"}],"twitter_card":"summary_large_image","twitter_misc":{"Est. tempo de leitura":"2 minutos"},"schema":{"@context":"https:\/\/schema.org","@graph":[{"@type":"WebPage","@id":"https:\/\/redbioamazonia.sinapsisdev.com\/noticia\/red-bioamazonia-en-la-cop30\/","url":"https:\/\/redbioamazonia.sinapsisdev.com\/noticia\/red-bioamazonia-en-la-cop30\/","name":"|COP 30| La Red BioAmazonia cierra la semana de participaci\u00f3n en la COP30 con publicaci\u00f3n y panel - redbioamazonia","isPartOf":{"@id":"https:\/\/redbioamazonia.sinapsisdev.com\/#website"},"primaryImageOfPage":{"@id":"https:\/\/redbioamazonia.sinapsisdev.com\/noticia\/red-bioamazonia-en-la-cop30\/#primaryimage"},"image":{"@id":"https:\/\/redbioamazonia.sinapsisdev.com\/noticia\/red-bioamazonia-en-la-cop30\/#primaryimage"},"thumbnailUrl":"https:\/\/redbioamazonia.sinapsisdev.com\/wp-content\/uploads\/2025\/11\/No-hay-descripcion-alternativa-para-esta-imagen.jpeg","datePublished":"2025-11-11T02:05:19+00:00","dateModified":"2026-05-12T21:46:16+00:00","breadcrumb":{"@id":"https:\/\/redbioamazonia.sinapsisdev.com\/noticia\/red-bioamazonia-en-la-cop30\/#breadcrumb"},"inLanguage":"pt-BR","potentialAction":[{"@type":"ReadAction","target":["https:\/\/redbioamazonia.sinapsisdev.com\/noticia\/red-bioamazonia-en-la-cop30\/"]}]},{"@type":"ImageObject","inLanguage":"pt-BR","@id":"https:\/\/redbioamazonia.sinapsisdev.com\/noticia\/red-bioamazonia-en-la-cop30\/#primaryimage","url":"https:\/\/redbioamazonia.sinapsisdev.com\/wp-content\/uploads\/2025\/11\/No-hay-descripcion-alternativa-para-esta-imagen.jpeg","contentUrl":"https:\/\/redbioamazonia.sinapsisdev.com\/wp-content\/uploads\/2025\/11\/No-hay-descripcion-alternativa-para-esta-imagen.jpeg","width":2048,"height":1365},{"@type":"BreadcrumbList","@id":"https:\/\/redbioamazonia.sinapsisdev.com\/noticia\/red-bioamazonia-en-la-cop30\/#breadcrumb","itemListElement":[{"@type":"ListItem","position":1,"name":"Inicio","item":"\/"},{"@type":"ListItem","position":2,"name":"|COP 30| La Red BioAmazonia cierra la semana de participaci\u00f3n en la COP30 con publicaci\u00f3n y panel"}]},{"@type":"WebSite","@id":"https:\/\/redbioamazonia.sinapsisdev.com\/#website","url":"https:\/\/redbioamazonia.sinapsisdev.com\/","name":"redbioamazonia","description":"","potentialAction":[{"@type":"SearchAction","target":{"@type":"EntryPoint","urlTemplate":"https:\/\/redbioamazonia.sinapsisdev.com\/?s={search_term_string}"},"query-input":{"@type":"PropertyValueSpecification","valueRequired":true,"valueName":"search_term_string"}}],"inLanguage":"pt-BR"}]}},"_links":{"self":[{"href":"https:\/\/redbioamazonia.sinapsisdev.com\/pt\/wp-json\/wp\/v2\/noticia_evento\/406","targetHints":{"allow":["GET"]}}],"collection":[{"href":"https:\/\/redbioamazonia.sinapsisdev.com\/pt\/wp-json\/wp\/v2\/noticia_evento"}],"about":[{"href":"https:\/\/redbioamazonia.sinapsisdev.com\/pt\/wp-json\/wp\/v2\/types\/noticia_evento"}],"author":[{"embeddable":true,"href":"https:\/\/redbioamazonia.sinapsisdev.com\/pt\/wp-json\/wp\/v2\/users\/1"}],"wp:featuredmedia":[{"embeddable":true,"href":"https:\/\/redbioamazonia.sinapsisdev.com\/pt\/wp-json\/wp\/v2\/media\/548"}],"wp:attachment":[{"href":"https:\/\/redbioamazonia.sinapsisdev.com\/pt\/wp-json\/wp\/v2\/media?parent=406"}],"wp:term":[{"taxonomy":"post_tag","embeddable":true,"href":"https:\/\/redbioamazonia.sinapsisdev.com\/pt\/wp-json\/wp\/v2\/tags?post=406"},{"taxonomy":"categoria_noticia","embeddable":true,"href":"https:\/\/redbioamazonia.sinapsisdev.com\/pt\/wp-json\/wp\/v2\/categoria_noticia?post=406"}],"curies":[{"name":"wp","href":"https:\/\/api.w.org\/{rel}","templated":true}]}}