{"id":409,"date":"2024-10-07T21:20:06","date_gmt":"2024-10-08T02:20:06","guid":{"rendered":"https:\/\/redbioamazonia.sinapsisdev.com\/?post_type=noticia_evento&#038;p=409"},"modified":"2026-05-11T08:28:12","modified_gmt":"2026-05-11T13:28:12","slug":"red-bioamazonia-en-la-cop16","status":"publish","type":"noticia_evento","link":"https:\/\/redbioamazonia.sinapsisdev.com\/pt\/noticia\/red-bioamazonia-en-la-cop16\/","title":{"rendered":"|COP 16| Bioamaz\u00f4nia na COP16"},"content":{"rendered":"<p>A Confer\u00eancia das Partes (COP) \u00e9 o \u00f3rg\u00e3o m\u00e1ximo do Corpo de Regulamenta\u00e7\u00e3o da Conven\u00e7\u00e3o sobre Diversidade Biol\u00f3gica (CDB), um tratado internacional adotado na C\u00fapula da Terra do Rio de Janeiro em 1992. Seu objetivo \u00e9 estabelecer agendas, compromissos e quadros de a\u00e7\u00e3o para conservar a diversidade biol\u00f3gica e dar-lhe um uso sustent\u00e1vel, bem como garantir a participa\u00e7\u00e3o justa e equitativa nos benef\u00edcios derivados da utiliza\u00e7\u00e3o dos recursos gen\u00e9ticos.<\/p>\n<p>Este ano, a COP16 acontecer\u00e1 em Cali, capital do departamento do Valle del Cauca (Col\u00f4mbia), entre 21 de outubro e 1\u00ba de novembro de 2024. O lema\u00a0<strong>\u201cPaz com a Natureza\u201d<\/strong>\u00a0\u00e9 um chamado \u00e0 reflex\u00e3o para melhorar a rela\u00e7\u00e3o que temos com o meio ambiente, repensar um modelo econ\u00f4mico que n\u00e3o priorize a extra\u00e7\u00e3o, a superexplora\u00e7\u00e3o e a contamina\u00e7\u00e3o da natureza.<\/p>\n<p>A COP16 ocorre em um momento \u00fanico que vivemos na hist\u00f3ria da humanidade, em que enfrentamos m\u00faltiplas crises e r\u00e1pidas transforma\u00e7\u00f5es que est\u00e3o alterando dramaticamente as condi\u00e7\u00f5es de vida em nosso planeta e, em particular, no bioma amaz\u00f4nico. \u00c9 essencial ressaltar a relev\u00e2ncia do bioma amaz\u00f4nico para o clima global e sua import\u00e2ncia como um todo indivis\u00edvel, formado por diferentes ecossistemas dos Andes ao oceano Atl\u00e2ntico, sua enorme biodiversidade ainda pouco conhecida e os numerosos povos ind\u00edgenas e comunidades tradicionais que ali vivem.<\/p>\n<p style=\"text-align: center;\">Vamos participar de eventos oficiais na Zona Azul e Zona Verde da COP16:<\/p>\n<table class=\"aligncenter\" width=\"851\">\n<tbody>\n<tr>\n<td style=\"text-align: center;\" width=\"320\"><strong>EVENTO<\/strong><\/td>\n<td style=\"text-align: center;\" width=\"312\"><strong>LOCALIZA\u00c7\u00c3O<\/strong><\/td>\n<td style=\"text-align: center;\" width=\"87\"><strong>FECHA<\/strong><\/td>\n<td style=\"text-align: center;\" width=\"132\"><strong>HORA<\/strong><\/td>\n<\/tr>\n<tr>\n<td width=\"320\">EVENTO RED BIOAMAZONIA<\/td>\n<td>ZONA AZUL \u2013 PAVILH\u00c3O BID AMAZ\u00d4NIA SEMPRE<\/td>\n<td>22\/10\/24<\/td>\n<td>17:00 \u2013 18:00<\/td>\n<\/tr>\n<tr>\n<td width=\"320\">APRESENTA\u00c7\u00c3O: REDE BIOAMAZ\u00d4NIA<\/td>\n<td>ZONA VERDE<\/td>\n<td>24\/10\/24<\/td>\n<td>01:45pm \u2013 02:15pm<\/td>\n<\/tr>\n<tr>\n<td width=\"320\">RED BIOAMAZONIA: DESAFIOS E OPORTUNIDADES PARA A IMPLEMENTA\u00c7\u00c3O DO MARCO GLOBAL DA BIODIVERSIDADE<\/td>\n<td>ZONA AZUL \u2013 PAVILH\u00c3O COL\u00d4MBIA<\/td>\n<td>24\/10\/24<\/td>\n<td>19:00 \u2013 20:00<\/td>\n<\/tr>\n<tr>\n<td width=\"320\">EVENTO: RED BIOAMAZONIA INSTITUTOS DE PESQUISA E INOVA\u00c7\u00c3O EM BIODIVERSIDADE JUNTOS POR UMA AMAZ\u00d4NIA PARA SEMPRE<\/td>\n<td>CASA HUMBOLDT<\/td>\n<td>25\/10\/24<\/td>\n<td>15:00 \u2013 17:00<\/td>\n<\/tr>\n<tr>\n<td width=\"320\">EVENTO RED BIOAMAZONIA: INSTITUTOS DE PESQUISA E INOVA\u00c7\u00c3O SOBRE BIODIVERSIDADE JUNTOS POR UMA AMAZ\u00d4NIA SEMPRE<\/td>\n<td>ZONA AZUL \u2013 PAVILH\u00c3O BID AMAZ\u00d4NIA SEMPRE<\/td>\n<td>26\/10\/24<\/td>\n<td>11:30h - 12:15h<\/td>\n<\/tr>\n<\/tbody>\n<\/table>\n<figure class=\"wp-block-image size-full\"><\/figure>\n<p>A Rede Bio Amaz\u00f4nia reconhece o papel crucial da ci\u00eancia, tecnologia e inova\u00e7\u00e3o na gera\u00e7\u00e3o de conhecimento, desenvolvimento de solu\u00e7\u00f5es para a bioeconomia amaz\u00f4nica e o manejo sustent\u00e1vel da biodiversidade.<\/p>\n<p>A Rede Bioamaz\u00f4nia enaltece a import\u00e2ncia de uma a\u00e7\u00e3o conjunta no territ\u00f3rio, em alian\u00e7a com os povos ind\u00edgenas e comunidades tradicionais, governos, setor privado e outros atores interessados, que possa garantir a conserva\u00e7\u00e3o e o uso sustent\u00e1vel da biodiversidade com valor agregado e melhorar a qualidade de vida.<\/p>\n<p>A Rede Bioamazonia refor\u00e7a a necessidade de uma coopera\u00e7\u00e3o transfronteiri\u00e7a sem precedentes para unir for\u00e7as e ampliar o impacto positivo necess\u00e1rio para evitar o ponto sem retorno na Amaz\u00f4nia.<\/p>","protected":false},"excerpt":{"rendered":"<p>La Conferencia de las Partes (COP) es el \u00f3rgano rector del Convenio sobre la Diversidad Biol\u00f3gica (CDB), un tratado internacional adoptado en la Cumbre de la Tierra de R\u00edo de Janeiro en 1992. Su objetivo es establecer agendas, compromisos y marcos de acci\u00f3n para conservar la diversidad biol\u00f3gica y darle un uso sostenible, as\u00ed como [&hellip;]<\/p>\n","protected":false},"author":1,"featured_media":412,"template":"","tags":[],"categoria_noticia":[28],"class_list":["post-409","noticia_evento","type-noticia_evento","status-publish","has-post-thumbnail","hentry","categoria_noticia-eventos"],"acf":[],"yoast_head":"<!-- This site is optimized with the Yoast SEO Premium plugin v22.6 (Yoast SEO v28.1) - https:\/\/yoast.com\/product\/yoast-seo-premium-wordpress\/ -->\n<title>|COP 16| Red Bioamazonia en la COP16 - redbioamazonia<\/title>\n<meta name=\"robots\" content=\"noindex, follow, max-snippet:-1, max-image-preview:large, max-video-preview:-1\" \/>\n<meta property=\"og:locale\" content=\"pt_BR\" \/>\n<meta property=\"og:type\" content=\"article\" \/>\n<meta property=\"og:title\" content=\"|COP 16| Red Bioamazonia en la COP16\" \/>\n<meta property=\"og:description\" content=\"La Conferencia de las Partes (COP) es el \u00f3rgano rector del Convenio sobre la Diversidad Biol\u00f3gica (CDB), un tratado internacional adoptado en la Cumbre de la Tierra de R\u00edo de Janeiro en 1992. Su objetivo es establecer agendas, compromisos y marcos de acci\u00f3n para conservar la diversidad biol\u00f3gica y darle un uso sostenible, as\u00ed como [&hellip;]\" \/>\n<meta property=\"og:url\" content=\"https:\/\/redbioamazonia.sinapsisdev.com\/pt\/noticia\/red-bioamazonia-en-la-cop16\/\" \/>\n<meta property=\"og:site_name\" content=\"redbioamazonia\" \/>\n<meta property=\"article:modified_time\" content=\"2026-05-11T13:28:12+00:00\" \/>\n<meta property=\"og:image\" content=\"https:\/\/redbioamazonia.sinapsisdev.com\/wp-content\/uploads\/2026\/05\/Red-Bioamazonia-en-la-COP16--1024x576.png\" \/>\n\t<meta property=\"og:image:width\" content=\"1024\" \/>\n\t<meta property=\"og:image:height\" content=\"576\" \/>\n\t<meta property=\"og:image:type\" content=\"image\/png\" \/>\n<meta name=\"twitter:card\" content=\"summary_large_image\" \/>\n<meta name=\"twitter:label1\" content=\"Est. tempo de leitura\" \/>\n\t<meta name=\"twitter:data1\" content=\"2 minutos\" \/>\n<script type=\"application\/ld+json\" class=\"yoast-schema-graph\">{\"@context\":\"https:\\\/\\\/schema.org\",\"@graph\":[{\"@type\":\"WebPage\",\"@id\":\"https:\\\/\\\/redbioamazonia.sinapsisdev.com\\\/noticia\\\/red-bioamazonia-en-la-cop16\\\/\",\"url\":\"https:\\\/\\\/redbioamazonia.sinapsisdev.com\\\/noticia\\\/red-bioamazonia-en-la-cop16\\\/\",\"name\":\"|COP 16| Red Bioamazonia en la COP16 - redbioamazonia\",\"isPartOf\":{\"@id\":\"https:\\\/\\\/redbioamazonia.sinapsisdev.com\\\/#website\"},\"primaryImageOfPage\":{\"@id\":\"https:\\\/\\\/redbioamazonia.sinapsisdev.com\\\/noticia\\\/red-bioamazonia-en-la-cop16\\\/#primaryimage\"},\"image\":{\"@id\":\"https:\\\/\\\/redbioamazonia.sinapsisdev.com\\\/noticia\\\/red-bioamazonia-en-la-cop16\\\/#primaryimage\"},\"thumbnailUrl\":\"https:\\\/\\\/redbioamazonia.sinapsisdev.com\\\/wp-content\\\/uploads\\\/2026\\\/05\\\/Red-Bioamazonia-en-la-COP16-.png\",\"datePublished\":\"2024-10-08T02:20:06+00:00\",\"dateModified\":\"2026-05-11T13:28:12+00:00\",\"breadcrumb\":{\"@id\":\"https:\\\/\\\/redbioamazonia.sinapsisdev.com\\\/noticia\\\/red-bioamazonia-en-la-cop16\\\/#breadcrumb\"},\"inLanguage\":\"pt-BR\",\"potentialAction\":[{\"@type\":\"ReadAction\",\"target\":[\"https:\\\/\\\/redbioamazonia.sinapsisdev.com\\\/noticia\\\/red-bioamazonia-en-la-cop16\\\/\"]}]},{\"@type\":\"ImageObject\",\"inLanguage\":\"pt-BR\",\"@id\":\"https:\\\/\\\/redbioamazonia.sinapsisdev.com\\\/noticia\\\/red-bioamazonia-en-la-cop16\\\/#primaryimage\",\"url\":\"https:\\\/\\\/redbioamazonia.sinapsisdev.com\\\/wp-content\\\/uploads\\\/2026\\\/05\\\/Red-Bioamazonia-en-la-COP16-.png\",\"contentUrl\":\"https:\\\/\\\/redbioamazonia.sinapsisdev.com\\\/wp-content\\\/uploads\\\/2026\\\/05\\\/Red-Bioamazonia-en-la-COP16-.png\",\"width\":1920,\"height\":1080},{\"@type\":\"BreadcrumbList\",\"@id\":\"https:\\\/\\\/redbioamazonia.sinapsisdev.com\\\/noticia\\\/red-bioamazonia-en-la-cop16\\\/#breadcrumb\",\"itemListElement\":[{\"@type\":\"ListItem\",\"position\":1,\"name\":\"Inicio\",\"item\":\"\\\/\"},{\"@type\":\"ListItem\",\"position\":2,\"name\":\"|COP 16| Red Bioamazonia en la COP16\"}]},{\"@type\":\"WebSite\",\"@id\":\"https:\\\/\\\/redbioamazonia.sinapsisdev.com\\\/#website\",\"url\":\"https:\\\/\\\/redbioamazonia.sinapsisdev.com\\\/\",\"name\":\"redbioamazonia\",\"description\":\"\",\"potentialAction\":[{\"@type\":\"SearchAction\",\"target\":{\"@type\":\"EntryPoint\",\"urlTemplate\":\"https:\\\/\\\/redbioamazonia.sinapsisdev.com\\\/?s={search_term_string}\"},\"query-input\":{\"@type\":\"PropertyValueSpecification\",\"valueRequired\":true,\"valueName\":\"search_term_string\"}}],\"inLanguage\":\"pt-BR\"}]}<\/script>\n<!-- \/ Yoast SEO Premium plugin. -->","yoast_head_json":{"title":"|COP 16| Red Bioamazonia en la COP16 - redbioamazonia","robots":{"index":"noindex","follow":"follow","max-snippet":"max-snippet:-1","max-image-preview":"max-image-preview:large","max-video-preview":"max-video-preview:-1"},"og_locale":"pt_BR","og_type":"article","og_title":"|COP 16| Red Bioamazonia en la COP16","og_description":"La Conferencia de las Partes (COP) es el \u00f3rgano rector del Convenio sobre la Diversidad Biol\u00f3gica (CDB), un tratado internacional adoptado en la Cumbre de la Tierra de R\u00edo de Janeiro en 1992. Su objetivo es establecer agendas, compromisos y marcos de acci\u00f3n para conservar la diversidad biol\u00f3gica y darle un uso sostenible, as\u00ed como [&hellip;]","og_url":"https:\/\/redbioamazonia.sinapsisdev.com\/pt\/noticia\/red-bioamazonia-en-la-cop16\/","og_site_name":"redbioamazonia","article_modified_time":"2026-05-11T13:28:12+00:00","og_image":[{"width":1024,"height":576,"url":"https:\/\/redbioamazonia.sinapsisdev.com\/wp-content\/uploads\/2026\/05\/Red-Bioamazonia-en-la-COP16--1024x576.png","type":"image\/png"}],"twitter_card":"summary_large_image","twitter_misc":{"Est. tempo de leitura":"2 minutos"},"schema":{"@context":"https:\/\/schema.org","@graph":[{"@type":"WebPage","@id":"https:\/\/redbioamazonia.sinapsisdev.com\/noticia\/red-bioamazonia-en-la-cop16\/","url":"https:\/\/redbioamazonia.sinapsisdev.com\/noticia\/red-bioamazonia-en-la-cop16\/","name":"|COP 16| Red Bioamazonia en la COP16 - redbioamazonia","isPartOf":{"@id":"https:\/\/redbioamazonia.sinapsisdev.com\/#website"},"primaryImageOfPage":{"@id":"https:\/\/redbioamazonia.sinapsisdev.com\/noticia\/red-bioamazonia-en-la-cop16\/#primaryimage"},"image":{"@id":"https:\/\/redbioamazonia.sinapsisdev.com\/noticia\/red-bioamazonia-en-la-cop16\/#primaryimage"},"thumbnailUrl":"https:\/\/redbioamazonia.sinapsisdev.com\/wp-content\/uploads\/2026\/05\/Red-Bioamazonia-en-la-COP16-.png","datePublished":"2024-10-08T02:20:06+00:00","dateModified":"2026-05-11T13:28:12+00:00","breadcrumb":{"@id":"https:\/\/redbioamazonia.sinapsisdev.com\/noticia\/red-bioamazonia-en-la-cop16\/#breadcrumb"},"inLanguage":"pt-BR","potentialAction":[{"@type":"ReadAction","target":["https:\/\/redbioamazonia.sinapsisdev.com\/noticia\/red-bioamazonia-en-la-cop16\/"]}]},{"@type":"ImageObject","inLanguage":"pt-BR","@id":"https:\/\/redbioamazonia.sinapsisdev.com\/noticia\/red-bioamazonia-en-la-cop16\/#primaryimage","url":"https:\/\/redbioamazonia.sinapsisdev.com\/wp-content\/uploads\/2026\/05\/Red-Bioamazonia-en-la-COP16-.png","contentUrl":"https:\/\/redbioamazonia.sinapsisdev.com\/wp-content\/uploads\/2026\/05\/Red-Bioamazonia-en-la-COP16-.png","width":1920,"height":1080},{"@type":"BreadcrumbList","@id":"https:\/\/redbioamazonia.sinapsisdev.com\/noticia\/red-bioamazonia-en-la-cop16\/#breadcrumb","itemListElement":[{"@type":"ListItem","position":1,"name":"Inicio","item":"\/"},{"@type":"ListItem","position":2,"name":"|COP 16| Red Bioamazonia en la COP16"}]},{"@type":"WebSite","@id":"https:\/\/redbioamazonia.sinapsisdev.com\/#website","url":"https:\/\/redbioamazonia.sinapsisdev.com\/","name":"redbioamazonia","description":"","potentialAction":[{"@type":"SearchAction","target":{"@type":"EntryPoint","urlTemplate":"https:\/\/redbioamazonia.sinapsisdev.com\/?s={search_term_string}"},"query-input":{"@type":"PropertyValueSpecification","valueRequired":true,"valueName":"search_term_string"}}],"inLanguage":"pt-BR"}]}},"_links":{"self":[{"href":"https:\/\/redbioamazonia.sinapsisdev.com\/pt\/wp-json\/wp\/v2\/noticia_evento\/409","targetHints":{"allow":["GET"]}}],"collection":[{"href":"https:\/\/redbioamazonia.sinapsisdev.com\/pt\/wp-json\/wp\/v2\/noticia_evento"}],"about":[{"href":"https:\/\/redbioamazonia.sinapsisdev.com\/pt\/wp-json\/wp\/v2\/types\/noticia_evento"}],"author":[{"embeddable":true,"href":"https:\/\/redbioamazonia.sinapsisdev.com\/pt\/wp-json\/wp\/v2\/users\/1"}],"wp:featuredmedia":[{"embeddable":true,"href":"https:\/\/redbioamazonia.sinapsisdev.com\/pt\/wp-json\/wp\/v2\/media\/412"}],"wp:attachment":[{"href":"https:\/\/redbioamazonia.sinapsisdev.com\/pt\/wp-json\/wp\/v2\/media?parent=409"}],"wp:term":[{"taxonomy":"post_tag","embeddable":true,"href":"https:\/\/redbioamazonia.sinapsisdev.com\/pt\/wp-json\/wp\/v2\/tags?post=409"},{"taxonomy":"categoria_noticia","embeddable":true,"href":"https:\/\/redbioamazonia.sinapsisdev.com\/pt\/wp-json\/wp\/v2\/categoria_noticia?post=409"}],"curies":[{"name":"wp","href":"https:\/\/api.w.org\/{rel}","templated":true}]}}