{"id":451,"date":"2026-04-08T22:17:09","date_gmt":"2026-04-09T03:17:09","guid":{"rendered":"https:\/\/redbioamazonia.sinapsisdev.com\/?post_type=noticia_evento&#038;p=451"},"modified":"2026-05-12T13:05:47","modified_gmt":"2026-05-12T18:05:47","slug":"encuentro-panamericano-sobre-cultura-uso-y-manejo-del-fuego","status":"publish","type":"noticia_evento","link":"https:\/\/redbioamazonia.sinapsisdev.com\/pt\/noticia\/encuentro-panamericano-sobre-cultura-uso-y-manejo-del-fuego\/","title":{"rendered":"Manejo Integrado do Fogo na Amaz\u00f4nia (MIF)"},"content":{"rendered":"<p><img loading=\"lazy\" decoding=\"async\" class=\"wp-image-545 aligncenter\" src=\"https:\/\/redbioamazonia.sinapsisdev.com\/wp-content\/uploads\/2026\/05\/imagen-3-300x145.jpeg\" alt=\"\" width=\"637\" height=\"308\" srcset=\"https:\/\/redbioamazonia.sinapsisdev.com\/wp-content\/uploads\/2026\/05\/imagen-3-300x145.jpeg 300w, https:\/\/redbioamazonia.sinapsisdev.com\/wp-content\/uploads\/2026\/05\/imagen-3-1024x495.jpeg 1024w, https:\/\/redbioamazonia.sinapsisdev.com\/wp-content\/uploads\/2026\/05\/imagen-3-768x371.jpeg 768w, https:\/\/redbioamazonia.sinapsisdev.com\/wp-content\/uploads\/2026\/05\/imagen-3.jpeg 1349w\" sizes=\"auto, (max-width: 637px) 100vw, 637px\" \/><\/p>\n<p><span style=\"font-weight: 400;\">| Santa Cruz de la Sierra, Bolivia, 3 al 5 de marzo de 2026 |<\/span><span style=\"font-weight: 400;\"><br \/>\n<\/span><span style=\"font-weight: 400;\"><br \/>\n<\/span><span style=\"font-weight: 400;\">En la Amazon\u00eda, hablar de fuego es hablar de territorio, cultura y gesti\u00f3n del riesgo. Su uso, control y comprensi\u00f3n siguen siendo cr\u00edticos para el futuro de los ecosistemas y las comunidades que los habitan.<\/span><span style=\"font-weight: 400;\"><br \/>\n<\/span><span style=\"font-weight: 400;\"><br \/>\n<\/span><span style=\"font-weight: 400;\">En marzo de 2026, Santa Cruz de la Sierra, Bolivia, fue el punto de encuentro para avanzar en esa conversaci\u00f3n. La Red Bioamazonia y CIFOR-ICRAF reunieron a cerca de 60 actores de Bolivia, Brasil, Per\u00fa, Colombia y Ecuador en un espacio centrado en el Manejo Integrado del Fuego.<\/span><span style=\"font-weight: 400;\"><br \/>\n<\/span><span style=\"font-weight: 400;\"><br \/>\n<\/span><span style=\"font-weight: 400;\">Durante tres d\u00edas, la agenda combin\u00f3 trabajo colectivo y discusiones en grupos, permitiendo dialogar diferentes perspectivas. Investigadores, representantes institucionales, organizaciones sociales, gobiernos, l\u00edderes ind\u00edgenas y comunidades locales compartieron datos, metodolog\u00edas y visiones sobre el fuego, reforzando el car\u00e1cter plural y la construcci\u00f3n colectiva del conocimiento. Participaron tambi\u00e9n tres investigadores ind\u00edgenas invitados, Yuri Kuikuro, Alexander Tyson Ferreira Sater\u00e9 Maw\u00e9 y Wari Flores, de Brasil y Ecuador.<\/span><span style=\"font-weight: 400;\"><br \/>\n<\/span><span style=\"font-weight: 400;\"><br \/>\n<\/span><span style=\"font-weight: 400;\">Se presentaron avances de sistematizaci\u00f3n impulsados por la Red y organizaciones bolivianas, con un primer an\u00e1lisis regional sobre la dimensi\u00f3n cultural del fuego y focos de calor, con \u00e9nfasis en la sequ\u00eda amaz\u00f3nica de 2024. El trabajo evidenci\u00f3 tanto el valor de la informaci\u00f3n disponible como vac\u00edos persistentes entre pa\u00edses.<\/span><span style=\"font-weight: 400;\"><br \/>\n<\/span><span style=\"font-weight: 400;\"><br \/>\n<\/span><span style=\"font-weight: 400;\">En paralelo, comunidades y pueblos ind\u00edgenas aportaron una dimensi\u00f3n clave, situando el fuego en pr\u00e1cticas culturales, sistemas productivos y din\u00e1micas territoriales, lo que permiti\u00f3 identificar aspectos relevantes en prevenci\u00f3n, manejo y anticipaci\u00f3n de riesgos.<\/span><span style=\"font-weight: 400;\"><br \/>\n<\/span><span style=\"font-weight: 400;\"><br \/>\n<\/span><span style=\"font-weight: 400;\">El encuentro dej\u00f3 tareas concretas. CIFOR-ICRAF Brasil asumi\u00f3 la consolidaci\u00f3n de resultados en un documento que ser\u00e1 compartido con los participantes, en articulaci\u00f3n con el FAO Global Fire Management Hub. Adem\u00e1s, se cre\u00f3 un Comit\u00e9 Pan Amaz\u00f3nico sobre Manejo Integrado del Fuego para dar continuidad al proceso.<\/span><span style=\"font-weight: 400;\"><br \/>\n<\/span><span style=\"font-weight: 400;\"><br \/>\n<\/span><span style=\"font-weight: 400;\">Desde la Red participaron instituciones como Museo Emilio Goeldi, INPA, Mamirau\u00e1, SINCHI, Humboldt, INABIO, IIAP e Instituto de Ecolog\u00eda\/UMSA, junto a las co-cordinadoras del GT2 (Sistemas de Conocimientos y Gobernanza Local de la Red), <\/span><a href=\"https:\/\/www.linkedin.com\/in\/claudia-leonor-lopez-garc%C3%A9s-892123367\/\"><span style=\"font-weight: 400;\">Claudia Leonor Lopez \/Garc\u00e9s<\/span><\/a><span style=\"font-weight: 400;\"> y <\/span><a href=\"https:\/\/www.linkedin.com\/in\/m%C3%B3nica-moraes-r-414704367\/\"><span style=\"font-weight: 400;\">M\u00f3nica Moraes R.<\/span><span style=\"font-weight: 400;\"><br \/>\n<\/span><span style=\"font-weight: 400;\"><br \/>\n<\/span><\/a><span style=\"font-weight: 400;\">Este tipo de articulaci\u00f3n va m\u00e1s all\u00e1 de la respuesta a incendios: busca fortalecer capacidades, mejorar la coordinaci\u00f3n regional y reconocer que el manejo del fuego en la Amazonia depende de integrar ciencia, pol\u00edtica y conocimiento local.<\/span><span style=\"font-weight: 400;\"><br \/>\n<\/span><span style=\"font-weight: 400;\"><br \/>\n<\/span><span style=\"font-weight: 400;\">Fuentes: <\/span><a href=\"https:\/\/www.linkedin.com\/in\/claudia-leonor-lopez-garc%C3%A9s-892123367\/\"><b>Claudia Leonor Lopez \/Garc\u00e9s<\/b><\/a><span style=\"font-weight: 400;\"> y <\/span><a href=\"https:\/\/www.linkedin.com\/in\/m%C3%B3nica-moraes-r-414704367\/\"><b>M\u00f3nica Moraes R.<\/b><\/a><span style=\"font-weight: 400;\">, <\/span><a href=\"https:\/\/www.linkedin.com\/company\/cifor-icraf\/\"><b>CIFOR-ICRAF<\/b><\/a><span style=\"font-weight: 400;\"> Brasil, <\/span><a href=\"https:\/\/www.linkedin.com\/in\/anaviolato\/\"><b>Ana Violato Espada, PhD<\/b><\/a> <span style=\"font-weight: 400;\"><br \/>\n<\/span><span style=\"font-weight: 400;\"><br \/>\n<\/span><a href=\"https:\/\/www.linkedin.com\/search\/results\/all\/?keywords=%23cienciapanamaz%C3%B3nica&amp;origin=HASH_TAG_FROM_FEED\"><b>#CienciaPanamaz\u00f3nica<\/b><\/a> <a href=\"https:\/\/www.linkedin.com\/search\/results\/all\/?keywords=%23manejodelfuego&amp;origin=HASH_TAG_FROM_FEED\"><b>#ManejoDelFuego<\/b><\/a><a href=\"https:\/\/www.linkedin.com\/search\/results\/all\/?keywords=%23mif&amp;origin=HASH_TAG_FROM_FEED\"><b> #Incendios <\/b><\/a><a href=\"https:\/\/www.linkedin.com\/search\/results\/all\/?keywords=%23mif&amp;origin=HASH_TAG_FROM_FEED\"><b>#MIF<\/b><\/a> <a href=\"https:\/\/www.linkedin.com\/search\/results\/all\/?keywords=%23amazon%C3%ADa&amp;origin=HASH_TAG_FROM_FEED\"><b>#Amazon\u00eda<\/b><\/a> <a href=\"https:\/\/www.linkedin.com\/search\/results\/all\/?keywords=%23cooperaci%C3%B3nregional&amp;origin=HASH_TAG_FROM_FEED\"><b>#Cooperaci\u00f3nRegional<\/b><\/a> <a href=\"https:\/\/www.linkedin.com\/search\/results\/all\/?keywords=%23pueblosind%C3%ADgenas&amp;origin=HASH_TAG_FROM_FEED\"><b>#PueblosInd\u00edgenas<\/b><\/a> <a href=\"https:\/\/www.linkedin.com\/search\/results\/all\/?keywords=%23gobernanzaterritorial&amp;origin=HASH_TAG_FROM_FEED\"><b>#GobernanzaTerritorial<\/b><b><br \/>\n<\/b><\/a><\/p>\n<p><a href=\"https:\/\/redbioamazonia.sinapsisdev.com\/wp-content\/uploads\/2026\/05\/Complemento-noticia-manejo-del-fuego-Linkedin_carrusel_MIF_Abril26-.pdf\">Ver PDF<\/a><\/p>","protected":false},"excerpt":{"rendered":"<p>| Santa Cruz de la Sierra, Bolivia, 3 al 5 de marzo de 2026 | En la Amazon\u00eda, hablar de fuego es hablar de territorio, cultura y gesti\u00f3n del riesgo. Su uso, control y comprensi\u00f3n siguen siendo cr\u00edticos para el futuro de los ecosistemas y las comunidades que los habitan. En marzo de 2026, Santa [&hellip;]<\/p>\n","protected":false},"author":1,"featured_media":454,"template":"","tags":[],"categoria_noticia":[27],"class_list":["post-451","noticia_evento","type-noticia_evento","status-publish","has-post-thumbnail","hentry","categoria_noticia-noticias"],"acf":[],"yoast_head":"<!-- This site is optimized with the Yoast SEO Premium plugin v22.6 (Yoast SEO v28.1) - https:\/\/yoast.com\/product\/yoast-seo-premium-wordpress\/ -->\n<title>Manejo integrado del fuego en la Amazonia (MIF) - redbioamazonia<\/title>\n<meta name=\"robots\" content=\"noindex, follow, max-snippet:-1, max-image-preview:large, max-video-preview:-1\" \/>\n<meta property=\"og:locale\" content=\"pt_BR\" \/>\n<meta property=\"og:type\" content=\"article\" \/>\n<meta property=\"og:title\" content=\"Manejo integrado del fuego en la Amazonia (MIF)\" \/>\n<meta property=\"og:description\" content=\"| Santa Cruz de la Sierra, Bolivia, 3 al 5 de marzo de 2026 | En la Amazon\u00eda, hablar de fuego es hablar de territorio, cultura y gesti\u00f3n del riesgo. Su uso, control y comprensi\u00f3n siguen siendo cr\u00edticos para el futuro de los ecosistemas y las comunidades que los habitan. En marzo de 2026, Santa [&hellip;]\" \/>\n<meta property=\"og:url\" content=\"https:\/\/redbioamazonia.sinapsisdev.com\/pt\/noticia\/encuentro-panamericano-sobre-cultura-uso-y-manejo-del-fuego\/\" \/>\n<meta property=\"og:site_name\" content=\"redbioamazonia\" \/>\n<meta property=\"article:modified_time\" content=\"2026-05-12T18:05:47+00:00\" \/>\n<meta property=\"og:image\" content=\"https:\/\/redbioamazonia.sinapsisdev.com\/wp-content\/uploads\/2026\/05\/Manejo-del-fuego.png\" \/>\n\t<meta property=\"og:image:width\" content=\"1032\" \/>\n\t<meta property=\"og:image:height\" content=\"1084\" \/>\n\t<meta property=\"og:image:type\" content=\"image\/png\" \/>\n<meta name=\"twitter:card\" content=\"summary_large_image\" \/>\n<meta name=\"twitter:label1\" content=\"Est. tempo de leitura\" \/>\n\t<meta name=\"twitter:data1\" content=\"2 minutos\" \/>\n<script type=\"application\/ld+json\" class=\"yoast-schema-graph\">{\"@context\":\"https:\\\/\\\/schema.org\",\"@graph\":[{\"@type\":\"WebPage\",\"@id\":\"https:\\\/\\\/redbioamazonia.sinapsisdev.com\\\/noticia\\\/encuentro-panamericano-sobre-cultura-uso-y-manejo-del-fuego\\\/\",\"url\":\"https:\\\/\\\/redbioamazonia.sinapsisdev.com\\\/noticia\\\/encuentro-panamericano-sobre-cultura-uso-y-manejo-del-fuego\\\/\",\"name\":\"Manejo integrado del fuego en la Amazonia (MIF) - redbioamazonia\",\"isPartOf\":{\"@id\":\"https:\\\/\\\/redbioamazonia.sinapsisdev.com\\\/#website\"},\"primaryImageOfPage\":{\"@id\":\"https:\\\/\\\/redbioamazonia.sinapsisdev.com\\\/noticia\\\/encuentro-panamericano-sobre-cultura-uso-y-manejo-del-fuego\\\/#primaryimage\"},\"image\":{\"@id\":\"https:\\\/\\\/redbioamazonia.sinapsisdev.com\\\/noticia\\\/encuentro-panamericano-sobre-cultura-uso-y-manejo-del-fuego\\\/#primaryimage\"},\"thumbnailUrl\":\"https:\\\/\\\/redbioamazonia.sinapsisdev.com\\\/wp-content\\\/uploads\\\/2026\\\/05\\\/Manejo-del-fuego.png\",\"datePublished\":\"2026-04-09T03:17:09+00:00\",\"dateModified\":\"2026-05-12T18:05:47+00:00\",\"breadcrumb\":{\"@id\":\"https:\\\/\\\/redbioamazonia.sinapsisdev.com\\\/noticia\\\/encuentro-panamericano-sobre-cultura-uso-y-manejo-del-fuego\\\/#breadcrumb\"},\"inLanguage\":\"pt-BR\",\"potentialAction\":[{\"@type\":\"ReadAction\",\"target\":[\"https:\\\/\\\/redbioamazonia.sinapsisdev.com\\\/noticia\\\/encuentro-panamericano-sobre-cultura-uso-y-manejo-del-fuego\\\/\"]}]},{\"@type\":\"ImageObject\",\"inLanguage\":\"pt-BR\",\"@id\":\"https:\\\/\\\/redbioamazonia.sinapsisdev.com\\\/noticia\\\/encuentro-panamericano-sobre-cultura-uso-y-manejo-del-fuego\\\/#primaryimage\",\"url\":\"https:\\\/\\\/redbioamazonia.sinapsisdev.com\\\/wp-content\\\/uploads\\\/2026\\\/05\\\/Manejo-del-fuego.png\",\"contentUrl\":\"https:\\\/\\\/redbioamazonia.sinapsisdev.com\\\/wp-content\\\/uploads\\\/2026\\\/05\\\/Manejo-del-fuego.png\",\"width\":1032,\"height\":1084},{\"@type\":\"BreadcrumbList\",\"@id\":\"https:\\\/\\\/redbioamazonia.sinapsisdev.com\\\/noticia\\\/encuentro-panamericano-sobre-cultura-uso-y-manejo-del-fuego\\\/#breadcrumb\",\"itemListElement\":[{\"@type\":\"ListItem\",\"position\":1,\"name\":\"Inicio\",\"item\":\"\\\/\"},{\"@type\":\"ListItem\",\"position\":2,\"name\":\"Manejo integrado del fuego en la Amazonia (MIF)\"}]},{\"@type\":\"WebSite\",\"@id\":\"https:\\\/\\\/redbioamazonia.sinapsisdev.com\\\/#website\",\"url\":\"https:\\\/\\\/redbioamazonia.sinapsisdev.com\\\/\",\"name\":\"redbioamazonia\",\"description\":\"\",\"potentialAction\":[{\"@type\":\"SearchAction\",\"target\":{\"@type\":\"EntryPoint\",\"urlTemplate\":\"https:\\\/\\\/redbioamazonia.sinapsisdev.com\\\/?s={search_term_string}\"},\"query-input\":{\"@type\":\"PropertyValueSpecification\",\"valueRequired\":true,\"valueName\":\"search_term_string\"}}],\"inLanguage\":\"pt-BR\"}]}<\/script>\n<!-- \/ Yoast SEO Premium plugin. -->","yoast_head_json":{"title":"Manejo integrado del fuego en la Amazonia (MIF) - redbioamazonia","robots":{"index":"noindex","follow":"follow","max-snippet":"max-snippet:-1","max-image-preview":"max-image-preview:large","max-video-preview":"max-video-preview:-1"},"og_locale":"pt_BR","og_type":"article","og_title":"Manejo integrado del fuego en la Amazonia (MIF)","og_description":"| Santa Cruz de la Sierra, Bolivia, 3 al 5 de marzo de 2026 | En la Amazon\u00eda, hablar de fuego es hablar de territorio, cultura y gesti\u00f3n del riesgo. Su uso, control y comprensi\u00f3n siguen siendo cr\u00edticos para el futuro de los ecosistemas y las comunidades que los habitan. En marzo de 2026, Santa [&hellip;]","og_url":"https:\/\/redbioamazonia.sinapsisdev.com\/pt\/noticia\/encuentro-panamericano-sobre-cultura-uso-y-manejo-del-fuego\/","og_site_name":"redbioamazonia","article_modified_time":"2026-05-12T18:05:47+00:00","og_image":[{"width":1032,"height":1084,"url":"https:\/\/redbioamazonia.sinapsisdev.com\/wp-content\/uploads\/2026\/05\/Manejo-del-fuego.png","type":"image\/png"}],"twitter_card":"summary_large_image","twitter_misc":{"Est. tempo de leitura":"2 minutos"},"schema":{"@context":"https:\/\/schema.org","@graph":[{"@type":"WebPage","@id":"https:\/\/redbioamazonia.sinapsisdev.com\/noticia\/encuentro-panamericano-sobre-cultura-uso-y-manejo-del-fuego\/","url":"https:\/\/redbioamazonia.sinapsisdev.com\/noticia\/encuentro-panamericano-sobre-cultura-uso-y-manejo-del-fuego\/","name":"Manejo integrado del fuego en la Amazonia (MIF) - redbioamazonia","isPartOf":{"@id":"https:\/\/redbioamazonia.sinapsisdev.com\/#website"},"primaryImageOfPage":{"@id":"https:\/\/redbioamazonia.sinapsisdev.com\/noticia\/encuentro-panamericano-sobre-cultura-uso-y-manejo-del-fuego\/#primaryimage"},"image":{"@id":"https:\/\/redbioamazonia.sinapsisdev.com\/noticia\/encuentro-panamericano-sobre-cultura-uso-y-manejo-del-fuego\/#primaryimage"},"thumbnailUrl":"https:\/\/redbioamazonia.sinapsisdev.com\/wp-content\/uploads\/2026\/05\/Manejo-del-fuego.png","datePublished":"2026-04-09T03:17:09+00:00","dateModified":"2026-05-12T18:05:47+00:00","breadcrumb":{"@id":"https:\/\/redbioamazonia.sinapsisdev.com\/noticia\/encuentro-panamericano-sobre-cultura-uso-y-manejo-del-fuego\/#breadcrumb"},"inLanguage":"pt-BR","potentialAction":[{"@type":"ReadAction","target":["https:\/\/redbioamazonia.sinapsisdev.com\/noticia\/encuentro-panamericano-sobre-cultura-uso-y-manejo-del-fuego\/"]}]},{"@type":"ImageObject","inLanguage":"pt-BR","@id":"https:\/\/redbioamazonia.sinapsisdev.com\/noticia\/encuentro-panamericano-sobre-cultura-uso-y-manejo-del-fuego\/#primaryimage","url":"https:\/\/redbioamazonia.sinapsisdev.com\/wp-content\/uploads\/2026\/05\/Manejo-del-fuego.png","contentUrl":"https:\/\/redbioamazonia.sinapsisdev.com\/wp-content\/uploads\/2026\/05\/Manejo-del-fuego.png","width":1032,"height":1084},{"@type":"BreadcrumbList","@id":"https:\/\/redbioamazonia.sinapsisdev.com\/noticia\/encuentro-panamericano-sobre-cultura-uso-y-manejo-del-fuego\/#breadcrumb","itemListElement":[{"@type":"ListItem","position":1,"name":"Inicio","item":"\/"},{"@type":"ListItem","position":2,"name":"Manejo integrado del fuego en la Amazonia (MIF)"}]},{"@type":"WebSite","@id":"https:\/\/redbioamazonia.sinapsisdev.com\/#website","url":"https:\/\/redbioamazonia.sinapsisdev.com\/","name":"redbioamazonia","description":"","potentialAction":[{"@type":"SearchAction","target":{"@type":"EntryPoint","urlTemplate":"https:\/\/redbioamazonia.sinapsisdev.com\/?s={search_term_string}"},"query-input":{"@type":"PropertyValueSpecification","valueRequired":true,"valueName":"search_term_string"}}],"inLanguage":"pt-BR"}]}},"_links":{"self":[{"href":"https:\/\/redbioamazonia.sinapsisdev.com\/pt\/wp-json\/wp\/v2\/noticia_evento\/451","targetHints":{"allow":["GET"]}}],"collection":[{"href":"https:\/\/redbioamazonia.sinapsisdev.com\/pt\/wp-json\/wp\/v2\/noticia_evento"}],"about":[{"href":"https:\/\/redbioamazonia.sinapsisdev.com\/pt\/wp-json\/wp\/v2\/types\/noticia_evento"}],"author":[{"embeddable":true,"href":"https:\/\/redbioamazonia.sinapsisdev.com\/pt\/wp-json\/wp\/v2\/users\/1"}],"wp:featuredmedia":[{"embeddable":true,"href":"https:\/\/redbioamazonia.sinapsisdev.com\/pt\/wp-json\/wp\/v2\/media\/454"}],"wp:attachment":[{"href":"https:\/\/redbioamazonia.sinapsisdev.com\/pt\/wp-json\/wp\/v2\/media?parent=451"}],"wp:term":[{"taxonomy":"post_tag","embeddable":true,"href":"https:\/\/redbioamazonia.sinapsisdev.com\/pt\/wp-json\/wp\/v2\/tags?post=451"},{"taxonomy":"categoria_noticia","embeddable":true,"href":"https:\/\/redbioamazonia.sinapsisdev.com\/pt\/wp-json\/wp\/v2\/categoria_noticia?post=451"}],"curies":[{"name":"wp","href":"https:\/\/api.w.org\/{rel}","templated":true}]}}